{"id":115,"date":"2019-08-01T00:45:49","date_gmt":"2019-08-01T04:45:49","guid":{"rendered":"http:\/\/www.radiobagay9.com\/blog\/?p=115"},"modified":"2019-08-01T00:45:50","modified_gmt":"2019-08-01T04:45:50","slug":"haiti-enlevement-le-senateur-gracia-delva-soupconne-de-complicite-denlevement","status":"publish","type":"post","link":"http:\/\/www.radiobagay9.com\/blog\/haiti-enlevement-le-senateur-gracia-delva-soupconne-de-complicite-denlevement\/","title":{"rendered":"Ha\u00efti\/Enl\u00e8vement Le s\u00e9nateur Gracia Delva soup\u00e7onn\u00e9 de complicit\u00e9 d\u2019enl\u00e8vement"},"content":{"rendered":"\n<p>C\u2019est le Directeur Ex\u00e9cutif du R\u00e9seau National de D\u00e9fense des Droits Humains (RNDDH), Pierre Esp\u00e9rance qui a r\u00e9pandu la nouvelle. Le s\u00e9nateur Gracia Delva pourrait \u00eatre impliqu\u00e9 dans un cas d\u2019enl\u00e8vement en complicit\u00e9 avec le chef de gang, Arnel Joseph, actuellement sous le contr\u00f4le de la DCPJ (direction centrale de la police judiciaire). Le militant de droits humains demande \u00e0 la justice de faire la lumi\u00e8re sur ce dossier.<\/p>\n\n\n\n<div class=\"wp-block-image\"><figure class=\"alignleft is-resized\"><img loading=\"lazy\" src=\"https:\/\/i2.wp.com\/www.vantbefinfo.com\/wp-content\/uploads\/2019\/07\/D1FBD760-FB9E-463F-8B29-6A69F7E9C29D.jpeg?w=860&amp;ssl=1\" alt=\"\" class=\"wp-image-15992\" width=\"304\" height=\"279\"\/><figcaption>Le s\u00e9nateur Gracia Delva<\/figcaption><\/figure><\/div>\n\n\n\n<p>Port-au-Prince, le 31 juillet 2019.- L\u2019enl\u00e8vement a \u00e9t\u00e9 commis, le 14 mars dernier, sur la personne d\u2019un commer\u00e7ant \u00e0 Port-au-Prince.<\/p>\n\n\n\n<p>La victime, originaire de L\u00e9ogane, a \u00e9t\u00e9 conduite dans un premier temps au \u00ab Village de Dieu \u00bb, \u00e0 l\u2019entr\u00e9e sud de la capitale et qui \u00e9tait, \u00e0 l\u2019\u00e9poque contr\u00f4l\u00e9 par le chef de gang Arnel Joseph, avant d\u2019\u00eatre transf\u00e9r\u00e9e \u00e0 Marchand- Dessalines, un autre fief d\u2019Arnel Joseph dans le d\u00e9partement de l\u2019Artibonite, rapporte Pierre Esp\u00e9rance.<\/p>\n\n\n\n<p>Son \u00e9pouse a par la suite contact\u00e9 le s\u00e9nateur Gracia Delva, qui est lui aussi de Marchand Dessalines (Artibonite) et voisin du couple \u00e0 Port-au-Prince. Elle esp\u00e9rait obtenir son aide dans la perspective de faire lib\u00e9rer son mari, enlev\u00e9 en m\u00eame temps que deux de ses employ\u00e9s.<\/p>\n\n\n\n<p>Selon les propos de la femme, rapport\u00e9s par Pierre Esp\u00e9rance, Gracia Delva lui aurait inform\u00e9 qu\u2019il n\u2019avait aucune information au sujet de cet enl\u00e8vement alors qu\u2019en r\u00e9alit\u00e9, toujours selon l\u2019\u00e9pouse de la victime, le parlementaire \u00e9tait bel et bien en contact avec les ravisseurs, notamment Arnel Joseph.&nbsp;<\/p>\n\n\n\n<p>Le t\u00e9l\u00e9phone de la victime aurait m\u00eame \u00e9t\u00e9 utilis\u00e9 dans une conversation entre Arnel Joseph et le s\u00e9nateur Delva, poursuit Pierre Esp\u00e9rance.<\/p>\n\n\n\n<p>C\u2019est finalement contre une ran\u00e7on de 110 mille dollars US et 50 mille gourdes que les 3 victimes ont \u00e9t\u00e9 lib\u00e9r\u00e9es.<\/p>\n\n\n\n<p>Pierre Esp\u00e9rance informe que le dossier a d\u00e9j\u00e0 \u00e9t\u00e9 achemin\u00e9 au parquet de Port-au-Prince pour \u00eatre confi\u00e9 \u00e0 un juge d\u2019instruction qui demandera au pr\u00e9sident du s\u00e9nat, Carl Murat Cantave, de mettre le parlementaire en question \u00e0 la disposition de la justice.<\/p>\n\n\n\n<p>Il informe que plusieurs organisations de droits humains ont envoy\u00e9 une correspondance au pr\u00e9sident du s\u00e9nat,&nbsp; Carl Murat Cantave, pour lui demander de mettre le s\u00e9nateur Garcia Delva \u00e0 la disposition de la justice ha\u00eftienne pour qu\u2019il puisse r\u00e9pondre de ces accusations.<\/p>\n\n\n\n<p>Le militant des droits humains presse le commissaire du gouvernement, Paul Eronce Villard d\u2019agir avec c\u00e9l\u00e9rit\u00e9 dans le cadre de ce dossier qui s\u2019av\u00e8re important pour la r\u00e9publique.<\/p>\n\n\n\n<p>On se le rappelle, le pr\u00e9sident de la commission justice et s\u00e9curit\u00e9 du s\u00e9nat de la r\u00e9publique, Jean Renel Senatus, avait inform\u00e9 que son coll\u00e8gue Garcia Delva \u00e9tait de connivence avec le chef de gang Arnel Joseph avant son arrestation le 22 juillet dernier.<\/p>\n\n\n\n<p>Plus d\u2019une vingtaine d\u2019appels t\u00e9l\u00e9phoniques ont \u00e9t\u00e9 pass\u00e9s entre le parlementaire et le chef de gang. Depuis, aucune information n\u2019est disponible sur les mesures adopt\u00e9es par l\u2019assembl\u00e9e des s\u00e9nateurs.&nbsp;<\/p>\n\n\n\n<p>Sources: Vant B\u00e8f Info (VBI)<\/p>\n","protected":false},"excerpt":{"rendered":"<p>C\u2019est le Directeur Ex\u00e9cutif du R\u00e9seau National de D\u00e9fense des Droits Humains (RNDDH), Pierre Esp\u00e9rance qui a r\u00e9pandu la nouvelle. Le s\u00e9nateur Gracia Delva pourrait \u00eatre impliqu\u00e9 dans un cas d\u2019enl\u00e8vement en complicit\u00e9 avec le chef de gang, Arnel Joseph, actuellement sous le contr\u00f4le de la DCPJ (direction centrale de la police judiciaire). Le militant [&hellip;]<\/p>\n","protected":false},"author":2,"featured_media":88,"comment_status":"open","ping_status":"open","sticky":false,"template":"","format":"standard","meta":{"_mi_skip_tracking":false},"categories":[4],"tags":[],"_links":{"self":[{"href":"http:\/\/www.radiobagay9.com\/blog\/wp-json\/wp\/v2\/posts\/115"}],"collection":[{"href":"http:\/\/www.radiobagay9.com\/blog\/wp-json\/wp\/v2\/posts"}],"about":[{"href":"http:\/\/www.radiobagay9.com\/blog\/wp-json\/wp\/v2\/types\/post"}],"author":[{"embeddable":true,"href":"http:\/\/www.radiobagay9.com\/blog\/wp-json\/wp\/v2\/users\/2"}],"replies":[{"embeddable":true,"href":"http:\/\/www.radiobagay9.com\/blog\/wp-json\/wp\/v2\/comments?post=115"}],"version-history":[{"count":1,"href":"http:\/\/www.radiobagay9.com\/blog\/wp-json\/wp\/v2\/posts\/115\/revisions"}],"predecessor-version":[{"id":116,"href":"http:\/\/www.radiobagay9.com\/blog\/wp-json\/wp\/v2\/posts\/115\/revisions\/116"}],"wp:featuredmedia":[{"embeddable":true,"href":"http:\/\/www.radiobagay9.com\/blog\/wp-json\/wp\/v2\/media\/88"}],"wp:attachment":[{"href":"http:\/\/www.radiobagay9.com\/blog\/wp-json\/wp\/v2\/media?parent=115"}],"wp:term":[{"taxonomy":"category","embeddable":true,"href":"http:\/\/www.radiobagay9.com\/blog\/wp-json\/wp\/v2\/categories?post=115"},{"taxonomy":"post_tag","embeddable":true,"href":"http:\/\/www.radiobagay9.com\/blog\/wp-json\/wp\/v2\/tags?post=115"}],"curies":[{"name":"wp","href":"https:\/\/api.w.org\/{rel}","templated":true}]}}