{"id":117,"date":"2019-08-01T00:50:18","date_gmt":"2019-08-01T04:50:18","guid":{"rendered":"http:\/\/www.radiobagay9.com\/blog\/?p=117"},"modified":"2019-08-01T00:50:46","modified_gmt":"2019-08-01T04:50:46","slug":"117-2","status":"publish","type":"post","link":"http:\/\/www.radiobagay9.com\/blog\/117-2\/","title":{"rendered":"Ha\u00efti \/ S\u00e9curit\u00e9 \/ Enl\u00e8vement Le s\u00e9nateur Dumont demande la mise \u00e0 l\u2019\u00e9cart de Gracia Delva"},"content":{"rendered":"\n<p>Dans une correspondance adress\u00e9e au pr\u00e9sident du grand corps en date du 31 juillet, le s\u00e9nateur Pierre-Paul Patrice Dumont (Ouest) \u00e9voque plusieurs raisons pour lesquelles son coll\u00e8gue de l\u2019Arribonite Gracia Delva, devrait s\u2019abstenir de participer aux s\u00e9ances. Il cite entre autres son implication pr\u00e9sum\u00e9e dans un cas d\u2019enl\u00e8vement.<\/p>\n\n\n\n<div class=\"wp-block-image\"><figure class=\"alignleft\"><img src=\"https:\/\/i1.wp.com\/www.vantbefinfo.com\/wp-content\/uploads\/2019\/07\/4F9994C7-9318-4209-B9E1-209943D07E49.jpeg?fit=270%2C280&amp;ssl=1\" alt=\"\" class=\"wp-image-16034\"\/><figcaption>Le s\u00e9nateur PP Patrice Dumont<\/figcaption><\/figure><\/div>\n\n\n\n<p>Port-au-Prince, le 31 juillet 2019.- Pour le s\u00e9nateur Patrice Dumont, ce serait un acte de grande sagesse si ses coll\u00e8gues invitaient l\u2019\u00e9lu de l\u2019Artibonite, Gracia Delva, \u00e0 s\u2019abstenir, par respect pour le peuple ha\u00eftien ha\u00eftien, de si\u00e9ger au bureau du grand corps et de ne plus participer aux travaux de l\u2019assembl\u00e9e.<\/p>\n\n\n\n<p>M. Dumont \u00e9voque la d\u00e9nonciation de son coll\u00e8gue Youri Latortue autour du r\u00f4le d\u2019\u00e9missaire qu\u2019aurait jou\u00e9 le s\u00e9nateur Delva entre le pr\u00e9sident Jovenel Mo\u00efse et le chef de gang Arnel Joseph pour que celui-ci proc\u00e9d\u00e2t \u00e0 la macabre parade du 14 fevrier dernier accompagn\u00e9 d\u2019une centaine de ses sbires.<\/p>\n\n\n\n<p>Il \u00e9voque aussi le rapport de la Commission Justice du S\u00e9nat faisant \u00e9tat de 28 appels t\u00e9l\u00e9phoniques entre le S\u00e9nateur Delva et le chef de gang du \u00ab Village de Dieu \u00bb<\/p>\n\n\n\n<p>Il y a \u00e9galement d\u2019autres d\u00e9nonciations du m\u00eame type et visant le m\u00eame S\u00e9nateur Garcia Delva, dont celle du militant des droits humains Pierre Esperance sur les ondes d\u2019une station de radio \u00e0 Port-au-Prince, \u00e9crit P\u00e9p\u00e9 Dumont dans sa lettre.<\/p>\n\n\n\n<p>Il a aussi soulign\u00e9 des informations relatives au kidnapping de Jean Neel Michel par ce m\u00eame Arnel Joseph dont le S\u00e9nateur Delva \u00e9tait au courant, mais n\u2019a point port\u00e9 secours au kidnapp\u00e9 malgr\u00e9 les suppliques de l\u2019\u00e9pouse de la victime.<\/p>\n\n\n\n<p>Et pour couronner tout cela, la DCPJ \u00e0 l\u2019audition de ce 31 juillet, a indiqu\u00e9 que ses affirmations concernant la liaison entre le gang Arnel Joseph et le S\u00e9nateur Delva sont vraies \u00e0 98%.<\/p>\n\n\n\n<p>Reconnaissant le droit \u00e0 l\u2019immunit\u00e9 parlementaire dont b\u00e9n\u00e9ficie son coll\u00e8gue, Patrice Dumont croit qu\u2019il est opportun de lui demander de cesser de si\u00e9ger comme membre du bureau et de s\u2019abstenir de participer \u00e0 travaux du grand corps.<\/p>\n\n\n\n<p>Source: Vant Bef Info (VBI)<\/p>\n","protected":false},"excerpt":{"rendered":"<p>Dans une correspondance adress\u00e9e au pr\u00e9sident du grand corps en date du 31 juillet, le s\u00e9nateur Pierre-Paul Patrice Dumont (Ouest) \u00e9voque plusieurs raisons pour lesquelles son coll\u00e8gue de l\u2019Arribonite Gracia Delva, devrait s\u2019abstenir de participer aux s\u00e9ances. Il cite entre autres son implication pr\u00e9sum\u00e9e dans un cas d\u2019enl\u00e8vement. Port-au-Prince, le 31 juillet 2019.- Pour le [&hellip;]<\/p>\n","protected":false},"author":2,"featured_media":118,"comment_status":"open","ping_status":"open","sticky":false,"template":"","format":"standard","meta":{"_mi_skip_tracking":false},"categories":[4],"tags":[],"_links":{"self":[{"href":"http:\/\/www.radiobagay9.com\/blog\/wp-json\/wp\/v2\/posts\/117"}],"collection":[{"href":"http:\/\/www.radiobagay9.com\/blog\/wp-json\/wp\/v2\/posts"}],"about":[{"href":"http:\/\/www.radiobagay9.com\/blog\/wp-json\/wp\/v2\/types\/post"}],"author":[{"embeddable":true,"href":"http:\/\/www.radiobagay9.com\/blog\/wp-json\/wp\/v2\/users\/2"}],"replies":[{"embeddable":true,"href":"http:\/\/www.radiobagay9.com\/blog\/wp-json\/wp\/v2\/comments?post=117"}],"version-history":[{"count":3,"href":"http:\/\/www.radiobagay9.com\/blog\/wp-json\/wp\/v2\/posts\/117\/revisions"}],"predecessor-version":[{"id":139,"href":"http:\/\/www.radiobagay9.com\/blog\/wp-json\/wp\/v2\/posts\/117\/revisions\/139"}],"wp:featuredmedia":[{"embeddable":true,"href":"http:\/\/www.radiobagay9.com\/blog\/wp-json\/wp\/v2\/media\/118"}],"wp:attachment":[{"href":"http:\/\/www.radiobagay9.com\/blog\/wp-json\/wp\/v2\/media?parent=117"}],"wp:term":[{"taxonomy":"category","embeddable":true,"href":"http:\/\/www.radiobagay9.com\/blog\/wp-json\/wp\/v2\/categories?post=117"},{"taxonomy":"post_tag","embeddable":true,"href":"http:\/\/www.radiobagay9.com\/blog\/wp-json\/wp\/v2\/tags?post=117"}],"curies":[{"name":"wp","href":"https:\/\/api.w.org\/{rel}","templated":true}]}}