{"id":121,"date":"2019-08-01T00:56:11","date_gmt":"2019-08-01T04:56:11","guid":{"rendered":"http:\/\/www.radiobagay9.com\/blog\/?p=121"},"modified":"2019-08-01T00:56:12","modified_gmt":"2019-08-01T04:56:12","slug":"haiti-justice-petrocaribe-yves-g-joseph-repond-a-linvitation-du-juge-ramoncite-accime","status":"publish","type":"post","link":"http:\/\/www.radiobagay9.com\/blog\/haiti-justice-petrocaribe-yves-g-joseph-repond-a-linvitation-du-juge-ramoncite-accime\/","title":{"rendered":"Ha\u00efti \/ Justice \/ Petrocaribe Yves G. Joseph r\u00e9pond \u00e0 l\u2019invitation du juge Ramoncite Accim\u00e9"},"content":{"rendered":"\n<p>Accompagn\u00e9 de son avocat Gregory Mayard-Paul, l\u2019ancien ministre de la planification et de la cooperation externe Yves Germain Joseph a r\u00e9pondu \u00e0 l\u2019invitation du juge d\u2019instruction, Ramoncite Accim\u00e9, ce mercredi 31 juillet, dans le cadre du dossier PetroCaribe.&nbsp;<\/p>\n\n\n\n<div class=\"wp-block-image\"><figure class=\"alignleft is-resized\"><img loading=\"lazy\" src=\"https:\/\/i0.wp.com\/www.vantbefinfo.com\/wp-content\/uploads\/2019\/07\/717D3082-592E-4312-BEA1-8FBEB5F87B4A.jpeg?w=860&amp;ssl=1\" alt=\"\" class=\"wp-image-16029\" width=\"301\" height=\"201\"\/><figcaption>L\u2019ancien ministre de la planification Yves G. Joseph<\/figcaption><\/figure><\/div>\n\n\n\n<p>Port-au-Prince, le 31 Juillet 2019.&nbsp; L\u2019ancien ministre de la planification et de la coop\u00e9ration externe, Yves Germain Joseph a repondu aux questions du juge d\u2019instruction, Ramoncite Accim\u00e9, ce mercredi 31 juillet dans le cadre du dossier Petrocaribe. La s\u00e9ance d\u2019interrogation a dur\u00e9 plus de 2 heures d\u2019horloge.&nbsp;<\/p>\n\n\n\n<p>Apr\u00e8s son audition, l\u2019ex-ministre et son avocat n\u2019ont fait aucune d\u00e9claration \u00e0 la presse, malgr\u00e9 l\u2019insistance des journalistes. Ils&nbsp;ont quitt\u00e9 le palais de justice sous une forte dispositive de s\u00e9curit\u00e9. &nbsp;<\/p>\n\n\n\n<p>Un groupe de militants qui \u00e9taient sur place ont profit\u00e9 de l\u2019occasion pour lancer des slogans hostiles \u00e0 l\u2019endroit de l\u2019ancien secr\u00e9taire g\u00e9n\u00e9ral du palais national et de tous les autres anciens fonctionnaires index\u00e9s dans l\u2019affaire PetroCaribe.&nbsp;<\/p>\n\n\n\n<p>\u00c0 signaler que l\u2019ex-ministre de l\u2019economie, Wilson Laleau ainsi que les anciens premiers ministres Laurent Lamothe et Jean Max Bellerive n\u2019ont pas r\u00e9pondu \u00e0 l\u2019invitation du magistrat instructeur dans le cadre de ce dossier.&nbsp;<\/p>\n\n\n\n<p>Source: Vant B\u00e8f Info (VBI)<\/p>\n","protected":false},"excerpt":{"rendered":"<p>Accompagn\u00e9 de son avocat Gregory Mayard-Paul, l\u2019ancien ministre de la planification et de la cooperation externe Yves Germain Joseph a r\u00e9pondu \u00e0 l\u2019invitation du juge d\u2019instruction, Ramoncite Accim\u00e9, ce mercredi 31 juillet, dans le cadre du dossier PetroCaribe.&nbsp; Port-au-Prince, le 31 Juillet 2019.&nbsp; L\u2019ancien ministre de la planification et de la coop\u00e9ration externe, Yves Germain [&hellip;]<\/p>\n","protected":false},"author":1,"featured_media":122,"comment_status":"open","ping_status":"open","sticky":false,"template":"","format":"standard","meta":{"_mi_skip_tracking":false},"categories":[7,4],"tags":[],"_links":{"self":[{"href":"http:\/\/www.radiobagay9.com\/blog\/wp-json\/wp\/v2\/posts\/121"}],"collection":[{"href":"http:\/\/www.radiobagay9.com\/blog\/wp-json\/wp\/v2\/posts"}],"about":[{"href":"http:\/\/www.radiobagay9.com\/blog\/wp-json\/wp\/v2\/types\/post"}],"author":[{"embeddable":true,"href":"http:\/\/www.radiobagay9.com\/blog\/wp-json\/wp\/v2\/users\/1"}],"replies":[{"embeddable":true,"href":"http:\/\/www.radiobagay9.com\/blog\/wp-json\/wp\/v2\/comments?post=121"}],"version-history":[{"count":1,"href":"http:\/\/www.radiobagay9.com\/blog\/wp-json\/wp\/v2\/posts\/121\/revisions"}],"predecessor-version":[{"id":123,"href":"http:\/\/www.radiobagay9.com\/blog\/wp-json\/wp\/v2\/posts\/121\/revisions\/123"}],"wp:featuredmedia":[{"embeddable":true,"href":"http:\/\/www.radiobagay9.com\/blog\/wp-json\/wp\/v2\/media\/122"}],"wp:attachment":[{"href":"http:\/\/www.radiobagay9.com\/blog\/wp-json\/wp\/v2\/media?parent=121"}],"wp:term":[{"taxonomy":"category","embeddable":true,"href":"http:\/\/www.radiobagay9.com\/blog\/wp-json\/wp\/v2\/categories?post=121"},{"taxonomy":"post_tag","embeddable":true,"href":"http:\/\/www.radiobagay9.com\/blog\/wp-json\/wp\/v2\/tags?post=121"}],"curies":[{"name":"wp","href":"https:\/\/api.w.org\/{rel}","templated":true}]}}