{"id":70,"date":"2019-07-28T01:04:55","date_gmt":"2019-07-28T05:04:55","guid":{"rendered":"http:\/\/www.radiobagay9.com\/blog\/?p=70"},"modified":"2019-07-28T20:32:35","modified_gmt":"2019-07-29T00:32:35","slug":"arnel-joseph-parle-comme-un-rossignol","status":"publish","type":"post","link":"http:\/\/www.radiobagay9.com\/blog\/arnel-joseph-parle-comme-un-rossignol\/","title":{"rendered":"Arnel Joseph parle comme un rossignol"},"content":{"rendered":"\n<div class=\"wp-block-image\"><figure class=\"alignleft is-resized\"><img loading=\"lazy\" src=\"http:\/\/www.radiobagay9.com\/blog\/wp-content\/uploads\/2019\/07\/arnel-1024x576.jpg\" alt=\"Arnel Joseph\" class=\"wp-image-77\" width=\"366\" height=\"205\" srcset=\"http:\/\/www.radiobagay9.com\/blog\/wp-content\/uploads\/2019\/07\/arnel-1024x576.jpg 1024w, http:\/\/www.radiobagay9.com\/blog\/wp-content\/uploads\/2019\/07\/arnel-300x169.jpg 300w, http:\/\/www.radiobagay9.com\/blog\/wp-content\/uploads\/2019\/07\/arnel-768x432.jpg 768w, http:\/\/www.radiobagay9.com\/blog\/wp-content\/uploads\/2019\/07\/arnel.jpg 1280w\" sizes=\"(max-width: 366px) 100vw, 366px\" \/><figcaption>Arnel Joseph (Archives)<\/figcaption><\/figure><\/div>\n\n\n\n<p>Sur son lit de douleur Arnel Joseph parle et raconte tout aux inspecteurs de la DCPJ s&#8217;il veut continuer \u00e0 b\u00e9n\u00e9ficier des soins appropri\u00e9s.<\/p>\n\n\n\n<p>En comparant ses dires avec les \u00e9l\u00e9ments trouv\u00e9s sur son t\u00e9l\u00e9phone et celui du num\u00e9ro 2 du gang arr\u00eat\u00e9 des jours plut\u00f4t \u00e0 Tabarre, les premi\u00e8res conclusions des inspecteurs de la DCPJ est que ce pays est vendu au diable et ses servants. Arnel, simple soldat en 2011, trafiquait d\u00e9j\u00e0 avec les dirigeants T\u00e8t Kale et l\u2019honorable Gracia Delva, d\u00e9put\u00e9 \u00e0 l\u2019\u00e9poque.<\/p>\n\n\n\n<p>Savourez quelques bribes : <\/p>\n\n\n\n<p>Le premier patron politique du gang dont Arnel a h\u00e9rit\u00e9 c\u2019\u00e9tait Jean Fritz Jean Louis qui depuis 2011, finan\u00e7ait les chefs d&#8217;Arnel. Fritz Jean Louis \u00e9tait \u00e0 cette \u00e9poque Secr\u00e9taire d\u2019\u00c9tat aux Collectivit\u00e9s Territoriales, aux cot\u00e9s du tr\u00e8s puissant ministre Thiery Mayard Paul. Arnel avait fait la prison et Fritz Jean Louis \u00e9tait l\u2019un de ceux qui se battaient pour sa lib\u00e9ration. Arnel raconte que m\u00eame en prison, il recevait de l\u2019argent du MICT. Il souligne aussi c\u2019\u00e9taient des hommes \u00e0 Michael G\u00e9d\u00e9on, DDO d\u2019alors, qui l\u2019avait arr\u00eat\u00e9. Des ann\u00e9es apr\u00e8s, le m\u00eame sc\u00e9nario se reproduit. <\/p>\n\n\n\n<p>Sa mont\u00e9e en puissance entre 2017 et 2018 \u00e9tait due aux emp\u00eachements du puissant T\u00e8t Kale, chef de gang d\u00e9c\u00e9d\u00e9 maintenant. Il dit que sa lib\u00e9ration a \u00e9t\u00e9 concoct\u00e9e avec le support de l\u2019un de ses amis, agent BOID qui \u00e9tait dans la s\u00e9curit\u00e9 du Ministre Ardouin Z\u00e9phirin (2015-2016). C\u2019est de l\u00e0 qu\u2019est parti ses liens privil\u00e9gi\u00e9s avec Ardouin et Vladimir Paraison qui \u00e9taient respectivement ministre de l\u2019int\u00e9rieur et commandant de BOID \u00e0 l\u2019\u00e9poque qui l&#8217;ont fait lib\u00e9rer de taule.<\/p>\n\n\n\n<p>Revenus au pouvoir avec Jovenel Mo\u00efse, Ardouin Z\u00e9phirin et Vladimir Paraison ont repris contact avec Arnel et sans h\u00e9siter il les a suivi. D\u00e8s le d\u00e9but, Paraison \u00e9tait clair avec lui : il devait l\u2019aider \u00e0 acc\u00e9der \u00e0 la t\u00eate de la Police Nationale en provocant la d\u00e9mission pr\u00e9matur\u00e9e de Michael G\u00e9d\u00e9on.<\/p>\n\n\n\n<p>Lui qui \u00e9tait un simple bandit est devenu tout de suite l\u2019\u00e9l\u00e9ment cl\u00e9 d\u2019une mafia avec des ramifications partout. Il avait la DDO avec lui depuis le temps de Soljour, dit-il. Il n\u2019avait pas de probl\u00e8me d\u2019argent, de produits alimentaires, de ciment et de fer. Il pouvait d\u00e9tourner des camions de la BRANA, la Couronne, MEGA, TCHAKO sans \u00eatre inqui\u00e9t\u00e9. Il est devenu tellement puissant qu\u2019il a \u00e9t\u00e9  capable en peu de temps de recruter les meilleurs soldats dans les gangs rivaux. Son num\u00e9ro 2, il l\u2019a recrut\u00e9 de Grand Ravine.<\/p>\n\n\n\n<p>Il dit avoir eu la suspicion d\u2019une imminente trahison d\u2019Ardouin Z\u00e9phirin et de Fritz Jean Louis depuis ce jour-l\u00e0 o\u00f9 le gang de Ti Je a re\u00e7u des s\u00e9ances de formation de tir par des \u00e9trangers armuriers (vietnamiens et colombiens sous les frais de Ti Vlad, garde du corps de Martelly) qui ont montr\u00e9 aux soldats de Ti Je comment faire des armes cr\u00e9oles et comment tirer professionnellement. Il dit avoir eu la suspicion qu\u2019Ardouin pr\u00e9parait un autre gang pour le remplacer. Et \u00e0 cette m\u00eame \u00e9poque, deux de ses meilleurs soldats ont migr\u00e9 vers le gang de Ti Je afin de b\u00e9n\u00e9ficier de ces formations car tout membre de gang aspire \u00e0 \u00eatre chef de gang. Une connaissance des armes en plus des autres est un atout majeur pour devenir chef.<\/p>\n\n\n\n<p>Sa carri\u00e8re de bandit allait basculer dans des proportions jamais atteintes, ce soir-l\u00e0 de Mai 2017 apr\u00e8s sa rencontre avec Alain Zureik et Esther Antoine, deux conseillers sp\u00e9ciaux du pr\u00e9sident Jovenel Mo\u00efse. <\/p>\n\n\n\n<p>Il dit que c\u2019est Ardouin Z\u00e9phirin qui l\u2019a mis en contact avec Alain Zureik, propri\u00e9taire de Safari Motors ( concessionnaire de Jeep et Porshe \u00e0 la Courbe de Nazon). Zureik, bon ami de Gracia Delva, a recommand\u00e9 Arnel \u00e0 Reynold Deeb qui avait besoin de quelqu\u2019un pour contr\u00f4ler l\u2019environnement de la douane de Port-au-Prince. Il a trouv\u00e9 Arnel au bon moment. En effet la guerre \u00e9tait d\u00e9clench\u00e9e entre Deeb et  Bigio qui  lan\u00e7ait les gangs de Chancerelles et bas Delmas. Avec  Arnel,  Deeb a chang\u00e9 la donne au bas de la Ville et a remport\u00e9 la guerre contre Bigio. Depuis lors, il place Arnel parmi ses pions importants. <\/p>\n\n\n\n<p>Deeb impose un PM et puis le m\u00eame jour Arnel est arr\u00eat\u00e9 ! Simple co\u00efncidence ? Quel hasard ! <\/p>\n\n\n\n<p>D\u00e9clarations choc : il dit qu\u2019\u00e0 la solde de Deeb et de Zureik, il dirigeait personnellement des op\u00e9rations de kidnapping de personnes et de marchandises avec deux inspecteurs de Police dont D\u00e9sir Faveur Gabriel, cet inspecteur arr\u00eat\u00e9 pour avoir communiqu\u00e9 avec lui de fa\u00e7on r\u00e9guli\u00e8re.<\/p>\n\n\n\n<p>Il kidnappait des personnes sous les ordres d&#8217;un autre inspecteur dont le nom reste encore confidentiel. Les victimes \u00e9taient kidnapp\u00e9es par des bandits de grand chemin, mais l\u2019argent exig\u00e9 \u00e9tait remis aux organisateurs, ces syrio-libanais de l\u2019Ha\u00efti Ch\u00e9rie. Arnel dit que ce n\u2019est pas seulement Deeb et Zureik, mais les autres n\u2019\u00e9taient au devant. <\/p>\n\n\n\n<p>Il raconte n\u2019avoir jamais travaill\u00e9 avec et pour Gracia Delva, au contraire c\u2019est Gracia qui vivait de lui et il est m\u00eame all\u00e9 \u00e0 dire que Gracia abusait de lui. Il explique qu\u2019apr\u00e8s 3 op\u00e9rations de kidnapping bien conduites pour Allain Zureik et Reynold Deeb, il a re\u00e7u USD 25 000 et Gracia Delva a re\u00e7u une Porsche Cayenne pour avoir facilit\u00e9 ce deal. <\/p>\n\n\n\n<p>La DCPJ et la justice am\u00e9ricaine enqu\u00eatent effectivement sur ces 3 cas br\u00fblants. Les 3 victimes ont achet\u00e9 1 Jeep Grand Cherokee, 1 Porsche Cayenne chez Safari et une BMW X4 chez Appolo Motors, Zureik et Deeb les ont fait kidnapper, ont repris les voitures, et les ont revendues \u00e0 un puissant r\u00e9seau de vol de voitures entre Ha\u00efti et la R\u00e9publique Dominicaine contr\u00f4l\u00e9 par 5 parlementaires ha\u00eftiens et 3 s\u00e9nateurs dominicains et des entrepreneurs des deux cot\u00e9s. C\u2019est triste ! <\/p>\n\n\n\n<p>Il dit que le vol de voitures et de motocyclettes est tr\u00e8s rentable et il a cit\u00e9 le nom de Herv\u00e9 Fourcand et Rony Celestin comme S\u00e9nateurs qui sont dans ce business et avec qui il a souvent travaill\u00e9. Il dit qu\u2019il ne va jamais r\u00e9v\u00e9ler ses relations avec Gary Bodeau car ce dernier \u00e9tait correct avec lui et \u00e9tait le premier \u00e0 s\u2019opposer \u00e0 ceux qui voulaient le faire \u00e9liminer depuis mai 2019. Qu\u2019est-ce qui n\u2019est pas dit ?<\/p>\n\n\n\n<p>Les ONG \u00e9taient les cibles privil\u00e9gi\u00e9es de ces ravisseurs. Arnel explique que quelqu\u2019un lui a expliqu\u00e9 pourquoi on privil\u00e9giait les voitures tout-terrain comme les Toyota, les Nissan Patrol et les Pick Up Amarock, il dit que les concessionnaires de ces tout-terrain g\u00e8rent seuls les contrats des ONG. Donc les autres concessionnaires font kidnapper ces voitures pour d\u00e9courager les ONG \u00e0 acheter ces voitures tout-terrain chez Hinoto et Nissan que les bandits adulent. Et dans la communaut\u00e9 des ONG, on a cru dans cette formule. Depuis, les responsables d\u2019ONG concluent qu\u2019il est plus facile de voler une Toyota Land Cruiser au lieu d\u2019une Jeep Grand Cherokee ou une BMW, par cons\u00e9quent ils ach\u00e8tent les voitures qu\u2019on vole le moins. <\/p>\n\n\n\n<p>Il dit avoir commenc\u00e9 \u00e0 faire vraiment de la politique  \u00e0 partir de la nuit du 5 octobre 2018, lorsque le pr\u00e9sident Jovenel Mo\u00efse l&#8217;a f\u00e9licit\u00e9 pour son courage apr\u00e8s qu\u2019il ait r\u00e9pondu \u00e0 Michael G\u00e9d\u00e9on qui avait mis 2 millions sur sa t\u00eate.  Il a re\u00e7u un appel de Ardouin Z\u00e9phirin lui pr\u00e9venant d&#8217;un coup de fil important. Vers les 6 heures, il a d\u00e9croch\u00e9 l\u2019appel d\u2019un s\u00e9nateur et c\u2019\u00e9tait le pr\u00e9sident Jovenel Mo\u00efse \u00e0 l\u2019autre bout de l\u2019appareil. Le pr\u00e9sident lui a dit que c\u2019\u00e9tait G\u00e9d\u00e9on le vrai bandit. Le pr\u00e9sident lui a donn\u00e9 son support ce soir-l\u00e0 dans ce tacle au tacle contre G\u00e9d\u00e9on. <\/p>\n\n\n\n<p>Autre fait marquant pour lui, c\u2019est en F\u00e9vrier 2019, il a re\u00e7u un appel de Ti Vlad qui lui a pass\u00e9 Michel Martelly. Ce dernier lui a dit \u00ab&nbsp;: K\u00f2mandan Nel moin conter sou ou pou w voye je sou kay moins yo pour moins&nbsp;ke bann lavalas kaka yo vle boule\u00bb. Martelly est parti et a laiss\u00e9 une somme d\u2019argent pour Arnel et des munitions. Arnel dit avoir envoy\u00e9 des soldats surveiller les maisons de Martelly tant \u00e0 P\u00e9guy Ville qu\u2019\u00e0 Saint Marc. <\/p>\n\n\n\n<p>Arnel raconte \u00eatre en possession de munitions de bonne qualit\u00e9s venues de Vietnam pour tenir 8 jours sans rel\u00e2che contre la Police  et ces munitions viennent de Ti Vlad. Plus rien \u00e0 dire !<\/p>\n\n\n\n<p>\u00c0 suivre\u2026<\/p>\n\n\n\n<p>La prochaine s\u00e9ance d\u2019interrogation c\u2019est pour mardi prochain. Cette s\u00e9ance se portait sur les cas de kidnapping, la prochaine risque d\u2019enflammer la R\u00e9publique. Restez focus !<\/p>\n\n\n\n<p>Conversations priv\u00e9es avec un proche d\u2019un \u00ab&nbsp;\u00e0 qui de droit&nbsp;\u00bb r\u00e9cipiendaire du rapport #1.<\/p>\n\n\n\n<p>Un citoyen.<\/p>\n","protected":false},"excerpt":{"rendered":"<p>Sur son lit de douleur Arnel Joseph parle et raconte tout aux inspecteurs de la DCPJ s&#8217;il veut continuer \u00e0 b\u00e9n\u00e9ficier des soins appropri\u00e9s. En comparant ses dires avec les \u00e9l\u00e9ments trouv\u00e9s sur son t\u00e9l\u00e9phone et celui du num\u00e9ro 2 du gang arr\u00eat\u00e9 des jours plut\u00f4t \u00e0 Tabarre, les premi\u00e8res conclusions des inspecteurs de la [&hellip;]<\/p>\n","protected":false},"author":2,"featured_media":77,"comment_status":"open","ping_status":"open","sticky":false,"template":"","format":"standard","meta":{"_mi_skip_tracking":false},"categories":[4,1],"tags":[],"_links":{"self":[{"href":"http:\/\/www.radiobagay9.com\/blog\/wp-json\/wp\/v2\/posts\/70"}],"collection":[{"href":"http:\/\/www.radiobagay9.com\/blog\/wp-json\/wp\/v2\/posts"}],"about":[{"href":"http:\/\/www.radiobagay9.com\/blog\/wp-json\/wp\/v2\/types\/post"}],"author":[{"embeddable":true,"href":"http:\/\/www.radiobagay9.com\/blog\/wp-json\/wp\/v2\/users\/2"}],"replies":[{"embeddable":true,"href":"http:\/\/www.radiobagay9.com\/blog\/wp-json\/wp\/v2\/comments?post=70"}],"version-history":[{"count":2,"href":"http:\/\/www.radiobagay9.com\/blog\/wp-json\/wp\/v2\/posts\/70\/revisions"}],"predecessor-version":[{"id":78,"href":"http:\/\/www.radiobagay9.com\/blog\/wp-json\/wp\/v2\/posts\/70\/revisions\/78"}],"wp:featuredmedia":[{"embeddable":true,"href":"http:\/\/www.radiobagay9.com\/blog\/wp-json\/wp\/v2\/media\/77"}],"wp:attachment":[{"href":"http:\/\/www.radiobagay9.com\/blog\/wp-json\/wp\/v2\/media?parent=70"}],"wp:term":[{"taxonomy":"category","embeddable":true,"href":"http:\/\/www.radiobagay9.com\/blog\/wp-json\/wp\/v2\/categories?post=70"},{"taxonomy":"post_tag","embeddable":true,"href":"http:\/\/www.radiobagay9.com\/blog\/wp-json\/wp\/v2\/tags?post=70"}],"curies":[{"name":"wp","href":"https:\/\/api.w.org\/{rel}","templated":true}]}}