{"id":79,"date":"2019-07-28T01:11:25","date_gmt":"2019-07-28T05:11:25","guid":{"rendered":"http:\/\/www.radiobagay9.com\/blog\/?p=79"},"modified":"2019-07-28T20:32:35","modified_gmt":"2019-07-29T00:32:35","slug":"la-police-a-poste-pierrot-fief-du-chef-de-gang-arnel-joseph-apres-son-arrestation","status":"publish","type":"post","link":"http:\/\/www.radiobagay9.com\/blog\/la-police-a-poste-pierrot-fief-du-chef-de-gang-arnel-joseph-apres-son-arrestation\/","title":{"rendered":"La police  \u00e0 Poste-Pierrot, fief du chef de gang Arnel Joseph, apr\u00e8s son arrestation"},"content":{"rendered":"\n<p>Profitant de l\u2019effet de surprise provoqu\u00e9 par la nouvelle de l\u2019arrestation du chef de gang Arnel Joseph, la police dans l\u2019Artibonite, quelques heures apr\u00e8s, s\u2019est lanc\u00e9e \u00e0 l\u2019assaut de son fief \u00e0 Poste-Pierrot, 4e section de la commune de Marchand-Dessalines. Selon l\u2019inspecteur Max Saint-Preux, porte-parole ad interim de la PNH dans l\u2019Artibonite, l\u2019intervention avait pour objectif de capturer les acolytes d\u2019Arnel et de r\u00e9cup\u00e9rer \u00e9ventuellement les armes en leur possession. Compos\u00e9e d&#8217;agents de l\u2019UDMO, des unit\u00e9s sp\u00e9cialis\u00e9es en mission dans la r\u00e9gion, des sections de SWAT et de la MINUJUSTH, l\u2019\u00e9quipe d\u2019intervention avait fait face \u00e0 une forte r\u00e9sistance de la part des bandits, mais ces derniers ont fini par s\u2019enfuir. \u00ab&nbsp;A son arriv\u00e9e, la police avait trouv\u00e9 le local d\u00e9j\u00e0 en feu. Elle n\u2019a fait aucune arrestation ni aucune saisie d\u2019arme&nbsp;\u00bb, a fait savoir l\u2019inspecteur qui a ni\u00e9 toute implication de la PNH dans la mort de plusieurs personnes dont les photos de leurs corps sans vie circulent sur les r\u00e9seaux sociaux. &nbsp;&nbsp;<\/p>\n\n\n\n<div class=\"wp-block-image\"><figure class=\"alignleft is-resized\"><img loading=\"lazy\" src=\"http:\/\/www.radiobagay9.com\/blog\/wp-content\/uploads\/2019\/07\/police.jpg\" alt=\"\" class=\"wp-image-81\" width=\"358\" height=\"199\"\/><figcaption>Police Haitien<\/figcaption><\/figure><\/div>\n\n\n\n<p>Selon l\u2019un des membres du&nbsp; conseil d\u2019administration de la 4e section, Frantzy Toussaint, la police n\u2019\u00e9tait pas la seule \u00e0 profiter de la situation. Il a d\u00e9nonc\u00e9 des bandits appartenant \u00e0 des groupes rivaux, venus de Barrage, une localit\u00e9 de Dessalines et de Bois-la-Ville, localit\u00e9 de la commune de Petite-Rivi\u00e8re qui ont tu\u00e9 et incendi\u00e9 des maisons \u00e0 Poste-Pierrot. \u00ab&nbsp;C\u2019est une cause profonde m\u00e9lang\u00e9e \u00e0 une autre occasionnelle. Il existe depuis belle lurette un diff\u00e9rend entre ces groupes de bandits et celui d\u2019Arnel&nbsp;\u00bb, a-t-il d\u00e9clar\u00e9. Une information qui n\u2019est pas diff\u00e9rente de celle de la police qui a parl\u00e9 d\u2019un guet-apens tendu par les groupes rivaux.<\/p>\n\n\n\n<p>En termes de bilan, le CASEC Toussaint a fait \u00e9tat de l\u2019incendie qui a ravag\u00e9 le commerce d\u2019un certain Joseph Luders, la maison de &nbsp;Marc Sarilus, un membre notoire de la bande \u00e0 Arnel, et, selon les pr\u00e9cisions d\u2019un confr\u00e8re de la presse locale, son fr\u00e8re Louis-Charles Sarilus, alias Bren, a \u00e9t\u00e9 d\u00e9capit\u00e9. Il y a aussi un certain No\u00ebl qui a re\u00e7u plusieurs cartouches. Environ six personnes qui ont perdu leur vie &nbsp;au cours de ces \u00e9chauffour\u00e9es qui ont provoqu\u00e9 le d\u00e9placement de bon nombre de gens de la localit\u00e9 de Poste-Pierrot. En ce sens, monsieur Toussaint a sollicit\u00e9 une pr\u00e9sence stable de la police dans cette zone pour la protection des vies et des biens et celle de la Croix-Rouge pour secourir les gens en difficult\u00e9.<\/p>\n\n\n\n<p>Le commissaire du gouvernement de Saint-Marc, Me Jules Wilkens, lors d\u2019une conf\u00e9rence de presse, le 23 juillet, a tenu \u00e0 relater l\u2019existence de mandats d\u00e9cern\u00e9s \u00e0 l\u2019encontre du chef de gang et de ses acolytes. Tout en f\u00e9licitant la justice et la police pour cette arrestation, le parquetier a d\u00e9clar\u00e9 qu\u2019il est imp\u00e9ratif de prodiguer au bandit des soins que n\u00e9cessite son cas afin qu\u2019il puisse \u00eatre en \u00e9tat de r\u00e9pondre de ses actes. Et, en pr\u00e9vision d\u2019un \u00e9parpillement des bandits dans la r\u00e9gion, il a exhort\u00e9 la population \u00e0 collaborer avec la police. \u00ab&nbsp;Je demande aux membres de la population de d\u00e9noncer des inconnus qui pourraient venir chercher refuge dans leurs zones&nbsp;\u00bb.<\/p>\n\n\n\n<p>\u00c0 rappeler qu\u2019environ neuf bandits ont d\u00e9j\u00e0 \u00e9t\u00e9 appr\u00e9hend\u00e9s dans le cadre du dossier du chef de gang Arnel Joseph. Pour l\u2019instant, ils sont entre les mains de la police judiciaire \u00e0 Port-au-Prince, a fait savoir le chef du parquet de la juridiction de Saint-Marc.<\/p>\n\n\n\n<p>Sem Nonor<\/p>\n\n\n\n<p>semyes2006@hotmail.com<\/p>\n","protected":false},"excerpt":{"rendered":"<p>Profitant de l\u2019effet de surprise provoqu\u00e9 par la nouvelle de l\u2019arrestation du chef de gang Arnel Joseph, la police dans l\u2019Artibonite, quelques heures apr\u00e8s, s\u2019est lanc\u00e9e \u00e0 l\u2019assaut de son fief \u00e0 Poste-Pierrot, 4e section de la commune de Marchand-Dessalines. Selon l\u2019inspecteur Max Saint-Preux, porte-parole ad interim de la PNH dans l\u2019Artibonite, l\u2019intervention avait pour [&hellip;]<\/p>\n","protected":false},"author":2,"featured_media":81,"comment_status":"open","ping_status":"open","sticky":false,"template":"","format":"standard","meta":{"_mi_skip_tracking":false},"categories":[4,1],"tags":[],"_links":{"self":[{"href":"http:\/\/www.radiobagay9.com\/blog\/wp-json\/wp\/v2\/posts\/79"}],"collection":[{"href":"http:\/\/www.radiobagay9.com\/blog\/wp-json\/wp\/v2\/posts"}],"about":[{"href":"http:\/\/www.radiobagay9.com\/blog\/wp-json\/wp\/v2\/types\/post"}],"author":[{"embeddable":true,"href":"http:\/\/www.radiobagay9.com\/blog\/wp-json\/wp\/v2\/users\/2"}],"replies":[{"embeddable":true,"href":"http:\/\/www.radiobagay9.com\/blog\/wp-json\/wp\/v2\/comments?post=79"}],"version-history":[{"count":5,"href":"http:\/\/www.radiobagay9.com\/blog\/wp-json\/wp\/v2\/posts\/79\/revisions"}],"predecessor-version":[{"id":85,"href":"http:\/\/www.radiobagay9.com\/blog\/wp-json\/wp\/v2\/posts\/79\/revisions\/85"}],"wp:featuredmedia":[{"embeddable":true,"href":"http:\/\/www.radiobagay9.com\/blog\/wp-json\/wp\/v2\/media\/81"}],"wp:attachment":[{"href":"http:\/\/www.radiobagay9.com\/blog\/wp-json\/wp\/v2\/media?parent=79"}],"wp:term":[{"taxonomy":"category","embeddable":true,"href":"http:\/\/www.radiobagay9.com\/blog\/wp-json\/wp\/v2\/categories?post=79"},{"taxonomy":"post_tag","embeddable":true,"href":"http:\/\/www.radiobagay9.com\/blog\/wp-json\/wp\/v2\/tags?post=79"}],"curies":[{"name":"wp","href":"https:\/\/api.w.org\/{rel}","templated":true}]}}