{"id":86,"date":"2019-07-28T02:08:27","date_gmt":"2019-07-28T06:08:27","guid":{"rendered":"http:\/\/www.radiobagay9.com\/blog\/?p=86"},"modified":"2019-07-28T20:32:35","modified_gmt":"2019-07-29T00:32:35","slug":"86-2","status":"publish","type":"post","link":"http:\/\/www.radiobagay9.com\/blog\/86-2\/","title":{"rendered":"Ce s\u00e9nateur ha\u00eftien n&#8217;est \u00ab pas fier \u00bb d\u2019avoir \u00e9t\u00e9 \u00e9lu"},"content":{"rendered":"\n<h4><strong>\u00ab&nbsp;Je ne suis pas fier d\u2019\u00eatre s\u00e9nateur,&nbsp;\u00bb a d\u00e9clar\u00e9 le s\u00e9nateur Jean Garcia Delva dans une interview ce vendredi.<\/strong><\/h4>\n\n\n\n<div class=\"wp-block-image\"><figure class=\"alignright is-resized\"><img loading=\"lazy\" src=\"http:\/\/www.radiobagay9.com\/blog\/wp-content\/uploads\/2019\/07\/graciaDelva.jpg\" alt=\"\" class=\"wp-image-88\" width=\"308\" height=\"307\" srcset=\"http:\/\/www.radiobagay9.com\/blog\/wp-content\/uploads\/2019\/07\/graciaDelva.jpg 720w, http:\/\/www.radiobagay9.com\/blog\/wp-content\/uploads\/2019\/07\/graciaDelva-150x150.jpg 150w, http:\/\/www.radiobagay9.com\/blog\/wp-content\/uploads\/2019\/07\/graciaDelva-300x300.jpg 300w\" sizes=\"(max-width: 308px) 100vw, 308px\" \/><\/figure><\/div>\n\n\n\n<p>L\u2019\u00e9lu du d\u00e9partement de l\u2019Artibonite se retrouvait au micro du journaliste Guy Webern Guerrier dit Guy Wewe, \u00e0 l\u2019occasion des 64 ans du Compas direct initi\u00e9 par Nemours Jean-Baptiste en juillet 1954. Le s\u00e9nateur invite la jeunesse ha\u00eftienne \u00e0 redoubler de vigilance dans le choix des futurs l\u00e9gislateurs. \u00ab\u00a0Epargnez-vous d\u2019un autre s\u00e9nateur comme moi,\u00a0\u00bb dit-il tout penaud, et \u00ab\u00a0je ne suis pas le seul.\u00a0\u00bb \u00ab\u00a0Epargnez-vous d\u2019une autre Chambre basse de la sorte, d\u2019un autre parlement [comme celui-ci, ndlr] en g\u00e9n\u00e9ral,\u00a0\u00bb continue l\u2019ancien chanteur \u00e0 succ\u00e8s de Compas direct et actuel pr\u00e9sident de la Commission Culture et Tourisme du S\u00e9nat de la R\u00e9publique.<\/p>\n\n\n\n<figure><iframe loading=\"lazy\" allowfullscreen=\"\" height=\"315\" src=\"https:\/\/www.youtube.com\/embed\/fzEwcc2troc\" width=\"560\"><\/iframe><\/figure>\n\n\n\n<p>Le parlementaire a aussi point\u00e9 du doigt les vieux routiers de la politique qui, d\u2019apr\u00e8s lui, font feu de tout bois pour que des jeunes comp\u00e9tents puissent s\u2019\u00e9loigner de l\u2019ar\u00e8ne politique.<\/p>\n\n\n\n<p>\u00ab&nbsp;Les jeunes se sont mis \u00e0 l\u2019\u00e9cart de la politique parce qu\u2019ils ont peur d\u2019\u00eatre \u00e9clabouss\u00e9s pour des actes qu\u2019ils n\u2019ont pas commis,&nbsp;\u00bb pince-t-il.<\/p>\n\n\n\n<p>\u00ab&nbsp;Tout cela \u00e0 cause de l\u2019indigence d\u2019un groupe de personne qui m\u00e8ne une politique d\u2019anthropophagie.&nbsp;\u00bb &nbsp;<\/p>\n\n\n\n<p>Avril dernier, le s\u00e9nateur Jean Garcia Delva se trouvait le dos au mur \u00e0 la suite d\u2019une r\u00e9v\u00e9lation faite par son coll\u00e8gue Jean-Renel S\u00e9natus, pr\u00e9sident de la Commission s\u00e9curit\u00e9 et justice du S\u00e9nat.<\/p>\n\n\n\n<p>S\u00e9natus confirmait \u00eatre en possession d\u2019un relev\u00e9 des communications t\u00e9l\u00e9phoniques entre l\u2019\u00e9lu de la terre sal\u00e9e et&nbsp;<a href=\"http:\/\/www.loophaiti.com\/content\/le-chef-de-gang-arnel-joseph-arrete\">Arnel Joseph, chef de gang arr\u00eat\u00e9 cette semaine par la Police nationale d\u2019Ha\u00efti (Pnh)<\/a>.<\/p>\n\n\n\n<p>Delva indiquait, \u00e0 l\u2019\u00e9poque, que personne ne peut lui enlever le droit de parler \u00e0 quelqu\u2019un avant de d\u00e9clarer, quelques jours plus tard, que s\u2019il s\u2019\u00e9tait\u00a0r\u00e9v\u00e9l\u00e9 coupable d\u2019un quelconque d\u00e9lit, il serait pr\u00eat \u00e0 aller \u00e9ponger ses peines en prison.<\/p>\n\n\n\n<p><\/p>\n\n\n\n<p>Source: LoopHaiti\/Guy Wewe youtube account.<\/p>\n","protected":false},"excerpt":{"rendered":"<p>\u00ab&nbsp;Je ne suis pas fier d\u2019\u00eatre s\u00e9nateur,&nbsp;\u00bb a d\u00e9clar\u00e9 le s\u00e9nateur Jean Garcia Delva dans une interview ce vendredi. L\u2019\u00e9lu du d\u00e9partement de l\u2019Artibonite se retrouvait au micro du journaliste Guy Webern Guerrier dit Guy Wewe, \u00e0 l\u2019occasion des 64 ans du Compas direct initi\u00e9 par Nemours Jean-Baptiste en juillet 1954. Le s\u00e9nateur invite la [&hellip;]<\/p>\n","protected":false},"author":2,"featured_media":88,"comment_status":"open","ping_status":"open","sticky":false,"template":"","format":"standard","meta":{"_mi_skip_tracking":false},"categories":[4,1],"tags":[],"_links":{"self":[{"href":"http:\/\/www.radiobagay9.com\/blog\/wp-json\/wp\/v2\/posts\/86"}],"collection":[{"href":"http:\/\/www.radiobagay9.com\/blog\/wp-json\/wp\/v2\/posts"}],"about":[{"href":"http:\/\/www.radiobagay9.com\/blog\/wp-json\/wp\/v2\/types\/post"}],"author":[{"embeddable":true,"href":"http:\/\/www.radiobagay9.com\/blog\/wp-json\/wp\/v2\/users\/2"}],"replies":[{"embeddable":true,"href":"http:\/\/www.radiobagay9.com\/blog\/wp-json\/wp\/v2\/comments?post=86"}],"version-history":[{"count":3,"href":"http:\/\/www.radiobagay9.com\/blog\/wp-json\/wp\/v2\/posts\/86\/revisions"}],"predecessor-version":[{"id":90,"href":"http:\/\/www.radiobagay9.com\/blog\/wp-json\/wp\/v2\/posts\/86\/revisions\/90"}],"wp:featuredmedia":[{"embeddable":true,"href":"http:\/\/www.radiobagay9.com\/blog\/wp-json\/wp\/v2\/media\/88"}],"wp:attachment":[{"href":"http:\/\/www.radiobagay9.com\/blog\/wp-json\/wp\/v2\/media?parent=86"}],"wp:term":[{"taxonomy":"category","embeddable":true,"href":"http:\/\/www.radiobagay9.com\/blog\/wp-json\/wp\/v2\/categories?post=86"},{"taxonomy":"post_tag","embeddable":true,"href":"http:\/\/www.radiobagay9.com\/blog\/wp-json\/wp\/v2\/tags?post=86"}],"curies":[{"name":"wp","href":"https:\/\/api.w.org\/{rel}","templated":true}]}}