{"id":94,"date":"2019-07-28T20:38:58","date_gmt":"2019-07-29T00:38:58","guid":{"rendered":"http:\/\/www.radiobagay9.com\/blog\/?p=94"},"modified":"2019-07-28T20:39:00","modified_gmt":"2019-07-29T00:39:00","slug":"donald-trump-a-nouveau-accuse-de-racisme-sen-prend-a-un-elu-de-baltimore","status":"publish","type":"post","link":"http:\/\/www.radiobagay9.com\/blog\/donald-trump-a-nouveau-accuse-de-racisme-sen-prend-a-un-elu-de-baltimore\/","title":{"rendered":"Donald Trump, \u00e0 nouveau accus\u00e9 de racisme, s\u2019en prend \u00e0 un \u00e9lu de Baltimore"},"content":{"rendered":"\n<div class=\"wp-block-image\"><figure class=\"alignleft is-resized\"><img loading=\"lazy\" src=\"http:\/\/www.radiobagay9.com\/blog\/wp-content\/uploads\/2019\/07\/elijah.jpg\" alt=\"\" class=\"wp-image-95\" width=\"301\" height=\"200\" srcset=\"http:\/\/www.radiobagay9.com\/blog\/wp-content\/uploads\/2019\/07\/elijah.jpg 688w, http:\/\/www.radiobagay9.com\/blog\/wp-content\/uploads\/2019\/07\/elijah-300x200.jpg 300w\" sizes=\"(max-width: 301px) 100vw, 301px\" \/><\/figure><\/div>\n\n\n\n<p>Donald Trump faisait face, samedi 27&nbsp;juillet, \u00e0 de nouvelles accusations de racisme apr\u00e8s s\u2019en \u00eatre pris violemment \u00e0 un \u00e9lu noir de Baltimore, dont la circonscription est, selon lui,&nbsp;<em>\u00ab&nbsp;d\u00e9go\u00fbtante et infest\u00e9e de rats&nbsp;\u00bb<\/em>. Moins de deux semaines apr\u00e8s avoir invit\u00e9 quatre \u00e9lues d\u00e9mocrates issues de minorit\u00e9s \u00e0&nbsp;<em>\u00ab&nbsp;retourner&nbsp;\u00bb<\/em>&nbsp;d\u2019o\u00f9 elles venaient, le pr\u00e9sident am\u00e9ricain a d\u00e9clench\u00e9 un nouveau toll\u00e9 aux Etats-Unis en trois tweets matinaux particuli\u00e8rement acerbes.<\/p>\n\n\n\n<p>Il y accuse Elijah Cummings, \u00e9lu d\u00e9mocrate du Maryland \u00e0 la Chambre des repr\u00e9sentants, d\u2019avoir&nbsp;<em>\u00ab&nbsp;brutalement&nbsp;\u00bb<\/em>&nbsp;critiqu\u00e9 les agents de la police aux fronti\u00e8res pour les conditions de d\u00e9tention des mineurs \u00e0 la fronti\u00e8re sud,&nbsp;<em>\u00ab&nbsp;quand en fait son district de Baltimore est BIEN PIRE et plus dangereux&nbsp;\u00bb<\/em>.&nbsp;<em>\u00ab&nbsp;Aucun \u00eatre humain ne voudrait y vivre&nbsp;\u00bb<\/em>, appuie le milliardaire r\u00e9publicain.&nbsp;<em>\u00ab&nbsp;Le district de Cummings est un d\u00e9sordre d\u00e9go\u00fbtant, infest\u00e9 de rats et autres rongeurs. S\u2019il passait plus de temps \u00e0 Baltimore, il pourrait peut-\u00eatre aider \u00e0 nettoyer cet endroit tr\u00e8s dangereux et sale.&nbsp;\u00bb<\/em><\/p>\n\n\n\n<h2>\u00ab&nbsp;Attaques racistes&nbsp;\u00bb<\/h2>\n\n\n\n<p>Elu noir embl\u00e9matique de la chambre basse du Congr\u00e8s, o\u00f9 il si\u00e8ge depuis 1996, M.\u00a0Cummings, 68\u00a0ans, avait accus\u00e9 la semaine derni\u00e8re le ministre par int\u00e9rim de la s\u00e9curit\u00e9 int\u00e9rieure, Kevin McAleenan, d\u2019<em>\u00ab\u00a0embellir\u00a0\u00bb<\/em>\u00a0la r\u00e9alit\u00e9 sur la situation des mineurs d\u00e9tenus dans des centres d\u2019accueil \u00e0 la fronti\u00e8re avec le Mexique.\u00a0<em>\u00ab M.\u00a0le pr\u00e9sident, je rentre chez moi dans mon district chaque jour\u00a0\u00bb<\/em>, a-t-il directement r\u00e9pondu sur Twitter.\u00a0<em>\u00ab\u00a0Chaque matin, je me l\u00e8ve et je lutte pour mes voisins. C\u2019est mon devoir constitutionnel de superviser le pouvoir ex\u00e9cutif. Mais c\u2019est mon devoir moral de me battre pour mes \u00e9lecteurs.\u00a0\u00bb<\/em><\/p>\n\n\n\n<p>Sa circonscription couvre une large partie de Baltimore, ville industrielle de 620&nbsp;000 habitants, majoritairement noirs. Min\u00e9e par les probl\u00e8mes sociaux, la drogue et la d\u00e9linquance malgr\u00e9 des programmes de r\u00e9habilitation immobili\u00e8re et la modernisation du centre-ville, la cit\u00e9 portuaire de la c\u00f4te est am\u00e9ricaine compte parmi les m\u00e9tropoles les plus violentes du pays, avec plus de 300 homicides par an en moyenne depuis 2015.<\/p>\n\n\n\n<p>N\u00e9e \u00e0 Baltimore, dont son p\u00e8re et son fr\u00e8re ont \u00e9t\u00e9 maires, la chef des d\u00e9mocrates \u00e0 la Chambre des repr\u00e9sentants, Nancy Pelosi, a d\u00e9nonc\u00e9 les&nbsp;<em>\u00ab&nbsp;attaques racistes&nbsp;\u00bb<\/em>&nbsp;\u00e0 l\u2019encontre de M. Cummings,&nbsp;<em>\u00ab&nbsp;un ardent d\u00e9fenseur au Congr\u00e8s et dans le pays des droits civiques et de la justice \u00e9conomique&nbsp;\u00bb<\/em>.<\/p>\n\n\n\n<h2>\u00ab&nbsp;Un pr\u00e9sident doit tirer le pays vers le haut&nbsp;\u00bb<\/h2>\n\n\n\n<p>L\u2019ancien vice-pr\u00e9sident Joe Biden a, lui, directement apostroph\u00e9 Donald Trump, le jugeant&nbsp;<em>\u00ab&nbsp;odieux&nbsp;\u00bb<\/em>&nbsp;de&nbsp;<em>\u00ab&nbsp;s\u2019en prendre de cette fa\u00e7on \u00e0 (M. Cummings) et aux gens de Baltimore&nbsp;\u00bb<\/em>.&nbsp;<em>\u00ab&nbsp;Vous avez prouv\u00e9 une fois de plus que vous n\u2019\u00e9tiez pas \u00e0 la hauteur de la fonction. Un pr\u00e9sident doit tirer le pays vers le haut. Pas le d\u00e9chirer&nbsp;\u00bb<\/em>, a-t-il ajout\u00e9, joignant ses critiques \u00e0 celles de la plupart des candidats \u00e0 l\u2019investiture d\u00e9mocrate pour la pr\u00e9sidentielle de 2020.<\/p>\n\n\n\n<p>Donald Trump avait d\u00e9j\u00e0 fait grand bruit mi-juillet apr\u00e8s une s\u00e9rie de violents tweets visant quatre \u00e9lues d\u00e9mocrates issues de minorit\u00e9s, auxquelles il conseillait de\u00a0<em>\u00ab\u00a0retourner\u00a0\u00bb<\/em>\u00a0dans leur pays d\u2019origine, quand bien m\u00eame trois d\u2019entre elles sont n\u00e9es aux Etats-Unis.Lire aussi\u00a0<\/p>\n\n\n\n<p>La Chambre des repr\u00e9sentants, \u00e0 majorit\u00e9 d\u00e9mocrate, avait adopt\u00e9 en r\u00e9ponse une motion condamnant&nbsp;<em>\u00ab&nbsp;fermement les commentaires racistes&nbsp;\u00bb<\/em>&nbsp;du pr\u00e9sident. Ses propos avaient \u00e9galement attir\u00e9 les r\u00e9probations de dirigeants \u00e9trangers, comme la chanceli\u00e8re allemande Angela Merkel ou la premi\u00e8re ministre britannique Theresa May, et provoqu\u00e9 le malaise jusque dans son camp r\u00e9publicain.<\/p>\n\n\n\n<p><em>\u00ab&nbsp;Ces tweets n\u2019\u00e9taient PAS racistes. Il n\u2019y a pas une once de racisme en moi&nbsp;!&nbsp;\u00bb<\/em>, s\u2019\u00e9tait d\u00e9fendu le pr\u00e9sident, avant que ses partisans scandent lors d\u2019un meeting \u00e9lectoral&nbsp;<em>\u00ab&nbsp;Renvoyez-la&nbsp;!&nbsp;\u00bb<\/em>&nbsp;\u00e0 l\u2019\u00e9vocation d\u2019Ilhan Omar, fille de r\u00e9fugi\u00e9s somaliens \u00e9lue au Congr\u00e8s en&nbsp;2018.<\/p>\n","protected":false},"excerpt":{"rendered":"<p>Donald Trump faisait face, samedi 27&nbsp;juillet, \u00e0 de nouvelles accusations de racisme apr\u00e8s s\u2019en \u00eatre pris violemment \u00e0 un \u00e9lu noir de Baltimore, dont la circonscription est, selon lui,&nbsp;\u00ab&nbsp;d\u00e9go\u00fbtante et infest\u00e9e de rats&nbsp;\u00bb. Moins de deux semaines apr\u00e8s avoir invit\u00e9 quatre \u00e9lues d\u00e9mocrates issues de minorit\u00e9s \u00e0&nbsp;\u00ab&nbsp;retourner&nbsp;\u00bb&nbsp;d\u2019o\u00f9 elles venaient, le pr\u00e9sident am\u00e9ricain a d\u00e9clench\u00e9 un [&hellip;]<\/p>\n","protected":false},"author":1,"featured_media":95,"comment_status":"open","ping_status":"open","sticky":false,"template":"","format":"standard","meta":{"_mi_skip_tracking":false},"categories":[5],"tags":[],"_links":{"self":[{"href":"http:\/\/www.radiobagay9.com\/blog\/wp-json\/wp\/v2\/posts\/94"}],"collection":[{"href":"http:\/\/www.radiobagay9.com\/blog\/wp-json\/wp\/v2\/posts"}],"about":[{"href":"http:\/\/www.radiobagay9.com\/blog\/wp-json\/wp\/v2\/types\/post"}],"author":[{"embeddable":true,"href":"http:\/\/www.radiobagay9.com\/blog\/wp-json\/wp\/v2\/users\/1"}],"replies":[{"embeddable":true,"href":"http:\/\/www.radiobagay9.com\/blog\/wp-json\/wp\/v2\/comments?post=94"}],"version-history":[{"count":1,"href":"http:\/\/www.radiobagay9.com\/blog\/wp-json\/wp\/v2\/posts\/94\/revisions"}],"predecessor-version":[{"id":96,"href":"http:\/\/www.radiobagay9.com\/blog\/wp-json\/wp\/v2\/posts\/94\/revisions\/96"}],"wp:featuredmedia":[{"embeddable":true,"href":"http:\/\/www.radiobagay9.com\/blog\/wp-json\/wp\/v2\/media\/95"}],"wp:attachment":[{"href":"http:\/\/www.radiobagay9.com\/blog\/wp-json\/wp\/v2\/media?parent=94"}],"wp:term":[{"taxonomy":"category","embeddable":true,"href":"http:\/\/www.radiobagay9.com\/blog\/wp-json\/wp\/v2\/categories?post=94"},{"taxonomy":"post_tag","embeddable":true,"href":"http:\/\/www.radiobagay9.com\/blog\/wp-json\/wp\/v2\/tags?post=94"}],"curies":[{"name":"wp","href":"https:\/\/api.w.org\/{rel}","templated":true}]}}